

{"id":123,"date":"2004-11-29T22:20:28","date_gmt":"2004-11-29T21:20:28","guid":{"rendered":"http:\/\/josemarg.com\/wp\/?p=123"},"modified":"2008-03-31T23:46:46","modified_gmt":"2008-03-31T22:46:46","slug":"diccionario-granaino-fasciculo-3","status":"publish","type":"post","link":"https:\/\/josemarg.com\/wp\/?p=123","title":{"rendered":"Diccionario Granaino (Fasc\u00edculo 3)"},"content":{"rendered":"\n<p class=\"MsoNormal\" style=\"text-align: justify;\"><img decoding=\"async\" src=\"http:\/\/perso.wanadoo.es\/josemarg\/weblog\/aceq.jpg\" align=\"right\" hspace=10 vspace=5\/>Una vez m\u00e1s, puntual a la cita con nuestros lectores, llega a nosotros la tercera entrega del Diccionario Granaino. Fundamental para entender a sus amigos granainos, familiares de estos, comerciantes, camareros, y todo bicho viviente que se mueva por la ciudad de la Alhambra. Con esta tercera entrega usted est\u00e1 adquiriendo un gran manejo de este rico vocabulario, lo que le har\u00e1 completar su Curriculum vitae para ensanchar sus miras profesionales (Gran\u00e1 y alrededores). Estas son las 10 palabras de hoy.<\/p>\n<ul type=\"disc\">\n<li class=\"MsoNormal\" style=\"text-align: justify;\"><b><span>Mas palla\u00edlla<\/span><\/b>: Es un adverbio de lugar      que indica proximidad siguiendo la misma direcci\u00f3n.  Sin\u00f3nimo:      \u00abUna mih\u00edlla m\u00e1s pall\u00e1\u00bb.<\/li>\n<li class=\"MsoNormal\" style=\"text-align: justify;\"><b><span>Mih\u00edlla<\/span><\/b>: Unidad de medida universal. Apl\u00edquese a multitud de magnitudes, tales como tiempo, peso, espacio, capacidad, etc. Es la unidad b\u00e1sica del sistema m\u00e9trico granaino. <\/li>\n<li class=\"MsoNormal\" style=\"text-align: justify;\"><b><span>Mitit\u00edlla<\/span><\/b>: Unidad de medida fraccionaria de mih\u00edlla. Su valor depende en cada caso de las circunstancias, aunque normalmente es bastante peque\u00f1o. <\/li>\n<li class=\"MsoNormal\" style=\"text-align: justify;\"><b><span>Pa n\u00e1<\/span><\/b>: Contracci\u00f3n de \u00abpara      nada\u00bb.<\/li>\n<li class=\"MsoNormal\" style=\"text-align: justify;\"><b><span>Panz\u00e1<\/span><\/b>: V\u00e9ase tambi\u00e9n \u00abpech\u00e1\u00bb.<\/li>\n<li class=\"MsoNormal\" style=\"text-align: justify;\"><b><span>Pech\u00e1<\/span><\/b>: Infl\u00e1 de lo que sea (generalmente      no bueno). \u00abMe he dao una pech\u00e1 trabajar que no es normah\u00bb.<\/li>\n<li class=\"MsoNormal\" style=\"text-align: justify;\"><b><span>P\u00e1pehhh<\/span><\/b>: Patatas o papas en la variante      motrile\u00f1a del granaino.<\/li>\n<li class=\"MsoNormal\" style=\"text-align: justify;\"><b><span>Regomello<\/span><\/b>: Sensaci\u00f3n de preocupaci\u00f3n por      alguna persona o situaci\u00f3n: \u00abQue regomello me da no haber trabajao,      t\u00fa&#8230;\u00bb <\/li>\n<li class=\"MsoNormal\" style=\"text-align: justify;\"><b><span>Repel\u00fah<\/span><\/b>: Escalofr\u00edo que entra cuando se      siente de repente fr\u00edo o miedo. <\/li>\n<li class=\"MsoNormal\" style=\"text-align: justify;\"><b><span>Z\u00fah<\/span><\/b>: Pronombre personal de segunda      persona del plural. Ejemplo: \u00abZ\u00fah ir\u00e9is ya de una vez?\u00bb <\/li>\n<\/ul>\n<p class=\"MsoNormal\" style=\"text-align: justify;\">Con esto nos despedimos hasta la pr\u00f3xima entrega. No olviden practicarlas tanto en casa como en su lugar de trabajo o estudio. El saber no ocupa lugar&#8230; o s\u00f3lo una mih\u00edlla&#8230;<\/p>\n","protected":false},"excerpt":{"rendered":"<p>Una vez m\u00e1s, puntual a la cita con nuestros lectores, llega a nosotros la tercera entrega del Diccionario Granaino. Fundamental para entender a sus amigos granainos, familiares de estos, comerciantes, camareros, y todo bicho viviente que se mueva por la &hellip; <a href=\"https:\/\/josemarg.com\/wp\/?p=123\">Sigue leyendo <span class=\"meta-nav\">&rarr;<\/span><\/a><\/p>\n","protected":false},"author":2,"featured_media":0,"comment_status":"open","ping_status":"open","sticky":false,"template":"","format":"standard","meta":{"_ayudawp_aiss_exclude":false,"footnotes":""},"categories":[55],"tags":[425,56,409],"class_list":["post-123","post","type-post","status-publish","format-standard","hentry","category-diccionario-granaino","tag-diccionario-granaino","tag-granada","tag-humor"],"_links":{"self":[{"href":"https:\/\/josemarg.com\/wp\/index.php?rest_route=\/wp\/v2\/posts\/123","targetHints":{"allow":["GET"]}}],"collection":[{"href":"https:\/\/josemarg.com\/wp\/index.php?rest_route=\/wp\/v2\/posts"}],"about":[{"href":"https:\/\/josemarg.com\/wp\/index.php?rest_route=\/wp\/v2\/types\/post"}],"author":[{"embeddable":true,"href":"https:\/\/josemarg.com\/wp\/index.php?rest_route=\/wp\/v2\/users\/2"}],"replies":[{"embeddable":true,"href":"https:\/\/josemarg.com\/wp\/index.php?rest_route=%2Fwp%2Fv2%2Fcomments&post=123"}],"version-history":[{"count":0,"href":"https:\/\/josemarg.com\/wp\/index.php?rest_route=\/wp\/v2\/posts\/123\/revisions"}],"wp:attachment":[{"href":"https:\/\/josemarg.com\/wp\/index.php?rest_route=%2Fwp%2Fv2%2Fmedia&parent=123"}],"wp:term":[{"taxonomy":"category","embeddable":true,"href":"https:\/\/josemarg.com\/wp\/index.php?rest_route=%2Fwp%2Fv2%2Fcategories&post=123"},{"taxonomy":"post_tag","embeddable":true,"href":"https:\/\/josemarg.com\/wp\/index.php?rest_route=%2Fwp%2Fv2%2Ftags&post=123"}],"curies":[{"name":"wp","href":"https:\/\/api.w.org\/{rel}","templated":true}]}}