

{"id":151,"date":"2005-02-28T00:30:59","date_gmt":"2005-02-27T23:30:59","guid":{"rendered":"http:\/\/josemarg.com\/wp\/?p=151"},"modified":"2008-01-28T17:17:11","modified_gmt":"2008-01-28T16:17:11","slug":"dia-de-andalucia","status":"publish","type":"post","link":"https:\/\/josemarg.com\/wp\/?p=151","title":{"rendered":"D\u00eda de Andaluc\u00eda"},"content":{"rendered":"<div style=\"text-align: justify;\">Hoy 28 de Febrero, se celebra el d\u00eda de <a href=\"http:\/\/www.andalucia.org\/\" target=\"_blank\">Andaluc\u00eda<\/a>.<br \/>\nLlevo cerca de 5 a\u00f1os viviendo fuera de mi tierra y nunca me he sentido tan orgulloso de ser andaluz como cuando he estado lejos del sitio que me vio nacer. Te das cuenta de lo que dejas y aprendes a valorarlo m\u00e1s. Y no es que viva mal en Galicia, que para mi es como mi casa, pero como se dice, la tierra tira.<\/p>\n<p>Es por eso por lo que hoy yo tambi\u00e9n celebro el <a href=\"http:\/\/andaluciajunta.es\/SP\/AJ\/CDA\/Secciones\/Especiales\/28Febrero\/2005\/AJ-F28_Inicio\/0,22590,,00.html\" target=\"_blank\">d\u00eda de Andaluc\u00eda<\/a>, aunque sea a 1200 Kms de mi casa. Desde aqu\u00ed mi recuerdo y homenaje a la mejor regi\u00f3n del mundo. Os dejo con algunos datos para que la conozc\u00e1is mejor.<\/p>\n<p>Andaluc\u00eda es una de las 17 comunidades aut\u00f3nomas de Espa\u00f1a y se localiza en el extremo suroeste de la Uni\u00f3n Europea. Con 7,6 millones de habitantes, 87.597 Km2 y una densidad de poblaci\u00f3n de 86,8 Hab\/Km2, es la regi\u00f3n m\u00e1s poblada de Espa\u00f1a y la segunda m\u00e1s extensa. Su superficie, que representa el 17,3% de la espa\u00f1ola, es similar a la de Austria y Portugal y mayor que la de pa\u00edses como Irlanda, B\u00e9lgica, Holanda, Dinamarca o Suiza.<\/p>\n<p><a href=\"http:\/\/andaluciajunta.es\/SP\/AJ\/CDA\/Imagenes\/mapa.jpg\" target=\"_blank\">El territorio andaluz<\/a> se divide administrativamente en ocho provincias: <a href=\"http:\/\/www.aytoalmeria.es\/\" target=\"_blank\">Almer\u00eda<\/a>, <a href=\"http:\/\/www.cadizayto.es\/\" target=\"_blank\">C\u00e1diz<\/a>, <a href=\"http:\/\/www.ayuncordoba.es\/\" target=\"_blank\">C\u00f3rdoba<\/a>, <a href=\"http:\/\/www.granada.org\/\" target=\"_blank\">Granada<\/a>, <a href=\"http:\/\/www.ayuntamientohuelva.es\/\" target=\"_blank\">Huelva<\/a>, <a href=\"http:\/\/www.aytojaen.es\/\" target=\"_blank\">Ja\u00e9n<\/a>, <a href=\"http:\/\/www.ayto-malaga.es\/\" target=\"_blank\">M\u00e1laga<\/a> y <a href=\"http:\/\/www.sevilla.org\/\" target=\"_blank\">Sevilla<\/a>. Con sus m\u00e1s de 22 millones de visitantes al a\u00f1o, Andaluc\u00eda figura como uno de los primeros destinos dentro de Espa\u00f1a. Su s\u00f3lida oferta se apoya en el <a href=\"http:\/\/andaluciajunta.es\/SP\/AJ\/CDA\/Secciones\/Portavoz\/Secciones\/AC\/AJ-clima\" target=\"_blank\">clima<\/a>, los paisajes, la <a href=\"http:\/\/andaluciajunta.es\/SP\/AJ\/CDA\/Secciones\/Portavoz\/Secciones\/AC\/AJ-cultura\" target=\"_blank\">rica herencia cultural<\/a> y una amplia infraestructura de servicios.<\/p>\n<p><img decoding=\"async\" src=\"https:\/\/josemarg.com\/wp\/wp-images\/banderaandalucia.gif\" align=\"left\" hspace=\"10\" vspace=\"5\" \/><span style=\"font-weight: bold;\">LA BANDERA:<\/span> La composici\u00f3n de tres franjas horizontales (verde, blanca y verde) que forman la bandera fue aprobada por la Asamblea de Ronda en 1918. Sus colores evocan tonalidades del paisaje andaluz, al tiempo que simbolizan los valores de la pureza y la esperanza en el futuro.<\/p>\n<p><img decoding=\"async\" src=\"https:\/\/josemarg.com\/wp\/wp-images\/escudoandalucia.gif\" align=\"right\" hspace=\"10\" vspace=\"5\" \/><span style=\"font-weight: bold;\"><\/p>\n<p>EL ESCUDO:<\/span><br \/>\nEl escudo, que se inspira en el de la ciudad de C\u00e1diz, est\u00e1 integrado por la figura de un H\u00e9rcules que sujeta a dos leones entre columnas y a cuyos pies reza la leyenda Andaluc\u00eda por s\u00ed, para Espa\u00f1a y la Humanidad.<\/p>\n<p><span style=\"font-weight: bold;\">EL HIMNO:<\/span> El himno de Andaluc\u00eda tiene su origen en el &#8216;Santo Dios&#8217;, un canto religioso que entonaban los campesinos de diversos puntos de la regi\u00f3n durante las faenas de la siega. Pese a que tanto la letra como la m\u00fasica fueron anotadas por Blas Infante, su origen es netamente popular.\n<\/div>\n<div style=\"text-align: center;\">La bandera blanca y verde<br \/>\nvuelve, tras siglos de guerra,<br \/>\na decir paz y esperanza,<br \/>\nbajo el sol de nuestra tierra.<\/p>\n<p>\u00a1Andaluces, levantaos!<br \/>\n\u00a1Pedid tierra y libertad!<br \/>\n\u00a1Sea por Andaluc\u00eda libre,<br \/>\nEspa\u00f1a y la Humanidad!<\/p>\n<p>Los andaluces queremos<br \/>\nvolver a ser lo que fuimos<br \/>\nhombres de luz, que a los hombres,<br \/>\nalma de hombres les dimos.<\/p>\n<p>\u00a1Andaluces, levantaos!<br \/>\n\u00a1Pedid tierra y libertad!<br \/>\n\u00a1Sea por Andaluc\u00eda libre,<br \/>\nEspa\u00f1a y la Humanidad!<\/p>\n<div style=\"text-align: left;\">M\u00e1s informaci\u00f3n <a href=\"http:\/\/andaluciajunta.es\/SP\/AJ\/CDA\/Secciones\/Portavoz\/Secciones\/AC\/AJ-index\" target=\"_blank\">AQU\u00cd<\/a>.<br \/>\nQuien no la conozca, ya est\u00e1 tardando en visitarla.\n<\/div>\n<\/div>\n","protected":false},"excerpt":{"rendered":"<p>Hoy 28 de Febrero, se celebra el d\u00eda de Andaluc\u00eda. Llevo cerca de 5 a\u00f1os viviendo fuera de mi tierra y nunca me he sentido tan orgulloso de ser andaluz como cuando he estado lejos del sitio que me vio &hellip; <a href=\"https:\/\/josemarg.com\/wp\/?p=151\">Sigue leyendo <span class=\"meta-nav\">&rarr;<\/span><\/a><\/p>\n","protected":false},"author":2,"featured_media":0,"comment_status":"open","ping_status":"open","sticky":false,"template":"","format":"standard","meta":{"_ayudawp_aiss_exclude":false,"footnotes":""},"categories":[1],"tags":[403],"class_list":["post-151","post","type-post","status-publish","format-standard","hentry","category-personal","tag-personal"],"_links":{"self":[{"href":"https:\/\/josemarg.com\/wp\/index.php?rest_route=\/wp\/v2\/posts\/151","targetHints":{"allow":["GET"]}}],"collection":[{"href":"https:\/\/josemarg.com\/wp\/index.php?rest_route=\/wp\/v2\/posts"}],"about":[{"href":"https:\/\/josemarg.com\/wp\/index.php?rest_route=\/wp\/v2\/types\/post"}],"author":[{"embeddable":true,"href":"https:\/\/josemarg.com\/wp\/index.php?rest_route=\/wp\/v2\/users\/2"}],"replies":[{"embeddable":true,"href":"https:\/\/josemarg.com\/wp\/index.php?rest_route=%2Fwp%2Fv2%2Fcomments&post=151"}],"version-history":[{"count":0,"href":"https:\/\/josemarg.com\/wp\/index.php?rest_route=\/wp\/v2\/posts\/151\/revisions"}],"wp:attachment":[{"href":"https:\/\/josemarg.com\/wp\/index.php?rest_route=%2Fwp%2Fv2%2Fmedia&parent=151"}],"wp:term":[{"taxonomy":"category","embeddable":true,"href":"https:\/\/josemarg.com\/wp\/index.php?rest_route=%2Fwp%2Fv2%2Fcategories&post=151"},{"taxonomy":"post_tag","embeddable":true,"href":"https:\/\/josemarg.com\/wp\/index.php?rest_route=%2Fwp%2Fv2%2Ftags&post=151"}],"curies":[{"name":"wp","href":"https:\/\/api.w.org\/{rel}","templated":true}]}}