

{"id":1948,"date":"2015-01-01T23:41:17","date_gmt":"2015-01-01T22:41:17","guid":{"rendered":"http:\/\/www.josemarg.com\/wp\/?p=1948"},"modified":"2015-01-02T00:19:14","modified_gmt":"2015-01-01T23:19:14","slug":"dia-en-el-parque-de-las-ciencias-de-granada","status":"publish","type":"post","link":"https:\/\/josemarg.com\/wp\/?p=1948","title":{"rendered":"D\u00eda en el Parque de las Ciencias de Granada"},"content":{"rendered":"<p>Estas son una treintena de fotos, de las m\u00e1s de 300 que tom\u00e9 en la visita al <a href=\"http:\/\/www.parqueciencias.com\" title=\"Parque de las Ciencias de Granada\" target=\"_blank\">Parque de las Ciencias de Granada<\/a>.<br \/>\nLa experiencia fue bastante gratificante, y sal\u00ed encantado de la visita. En las m\u00e1s de 7 horas que estuve dentro, hasta falta tiempo para ver todos los pabellones, talleres y actividades interactivas.<\/p>\n<p>Me gust\u00f3 mucho el Pabell\u00f3n del Viaje al Cuerpo Humano, el Planetario, la Sala de la Percepci\u00f3n, el Mariposario tropical, la Exposici\u00f3n Temporal sobre Nutrici\u00f3n, la Exposici\u00f3n de T\u00edteres, la Torre de Observaci\u00f3n, la actividad de las Rapaces en vuelo, la visita al D\u00f3lmen y su explicaci\u00f3n&#8230; <\/p>\n<p>Los empleados que trabajan all\u00ed atendiendo y desarrollando los contenidos, estuvieron de 10. Sin duda, Granada tiene en este Parque, una raz\u00f3n muy poderosa para atraer turismo. Merece la pena visitarlo.<\/p>\n<p>D\u00eda 09\/08\/2014.<br \/>\nFotos tomas con mi c\u00e1mara de fotos Panasonic Lumix ZX3.<\/p>\n<p><center><a href=\"https:\/\/www.flickr.com\/photos\/josema\/14955168028\" title=\"Einstein nos recibe en la entrada principal del Parque by Jos\u00e9 Manuel, on Flickr\"><img decoding=\"async\" src=\"https:\/\/farm4.staticflickr.com\/3922\/14955168028_e9c6c7eeda.jpg\" width=\"550\"  alt=\"Einstein nos recibe en la entrada principal del Parque\"\/><\/a><br \/>\n<strong>Einstein nos recibe en la entrada principal del Parque<\/strong><\/center><\/p>\n<p><strong>Galer\u00eda con el resto de fotos en:<\/strong><br \/>\n<a href=\"https:\/\/www.flickr.com\/photos\/josema\/sets\/72157647221405031\/\" title=\"D\u00eda en el Parque de las Ciencias de Granada\" target=\"_blank\">https:\/\/www.flickr.com\/photos\/josema\/sets\/72157647221405031\/<\/a><\/p>\n","protected":false},"excerpt":{"rendered":"<p>Estas son una treintena de fotos, de las m\u00e1s de 300 que tom\u00e9 en la visita al Parque de las Ciencias de Granada. La experiencia fue bastante gratificante, y sal\u00ed encantado de la visita. En las m\u00e1s de 7 horas &hellip; <a href=\"https:\/\/josemarg.com\/wp\/?p=1948\">Sigue leyendo <span class=\"meta-nav\">&rarr;<\/span><\/a><\/p>\n","protected":false},"author":2,"featured_media":0,"comment_status":"open","ping_status":"open","sticky":false,"template":"","format":"standard","meta":{"_ayudawp_aiss_exclude":false,"footnotes":""},"categories":[24,364],"tags":[377,56,376],"class_list":["post-1948","post","type-post","status-publish","format-standard","hentry","category-fotografia","category-viajes-2","tag-ciencias","tag-granada","tag-parque"],"_links":{"self":[{"href":"https:\/\/josemarg.com\/wp\/index.php?rest_route=\/wp\/v2\/posts\/1948","targetHints":{"allow":["GET"]}}],"collection":[{"href":"https:\/\/josemarg.com\/wp\/index.php?rest_route=\/wp\/v2\/posts"}],"about":[{"href":"https:\/\/josemarg.com\/wp\/index.php?rest_route=\/wp\/v2\/types\/post"}],"author":[{"embeddable":true,"href":"https:\/\/josemarg.com\/wp\/index.php?rest_route=\/wp\/v2\/users\/2"}],"replies":[{"embeddable":true,"href":"https:\/\/josemarg.com\/wp\/index.php?rest_route=%2Fwp%2Fv2%2Fcomments&post=1948"}],"version-history":[{"count":3,"href":"https:\/\/josemarg.com\/wp\/index.php?rest_route=\/wp\/v2\/posts\/1948\/revisions"}],"predecessor-version":[{"id":1953,"href":"https:\/\/josemarg.com\/wp\/index.php?rest_route=\/wp\/v2\/posts\/1948\/revisions\/1953"}],"wp:attachment":[{"href":"https:\/\/josemarg.com\/wp\/index.php?rest_route=%2Fwp%2Fv2%2Fmedia&parent=1948"}],"wp:term":[{"taxonomy":"category","embeddable":true,"href":"https:\/\/josemarg.com\/wp\/index.php?rest_route=%2Fwp%2Fv2%2Fcategories&post=1948"},{"taxonomy":"post_tag","embeddable":true,"href":"https:\/\/josemarg.com\/wp\/index.php?rest_route=%2Fwp%2Fv2%2Ftags&post=1948"}],"curies":[{"name":"wp","href":"https:\/\/api.w.org\/{rel}","templated":true}]}}