

{"id":207,"date":"2005-06-12T11:00:00","date_gmt":"2005-06-12T09:00:00","guid":{"rendered":"http:\/\/josemarg.com\/wp\/?p=207"},"modified":"2005-06-11T17:56:49","modified_gmt":"2005-06-11T15:56:49","slug":"mas-trabajo-menos-bitacora","status":"publish","type":"post","link":"https:\/\/josemarg.com\/wp\/?p=207","title":{"rendered":"M\u00e1s trabajo, menos bit\u00e1cora"},"content":{"rendered":"<p>En las \u00faltimas semanas escribo menos en la bit\u00e1cora porque estoy trabajando en unos cuantos cursos y el tiempo no me da para mucho.<br \/>\nEsta semana  he estado dando clase en 4 cursos distintos: dos en <a href=\"http:\/\/www.foremgalicia.org\">Forem Galicia<\/a> y dos en la <a href=\"http:\/\/www.ceg.es\">Confederaci\u00f3n de Empresarios de Galicia<\/a>.<br \/>\n<center><a href=\"http:\/\/www.josemarg.com\/fotos\/displayimage.php?album=lastup&#038;cat=0&#038;pos=0\"><img decoding=\"async\" src=\"http:\/\/www.josemarg.com\/fotos\/albums\/userpics\/10001\/thumb_02062005.jpg\" alt=\"Aula de inform\u00e1tica de Forem Galicia en Santiago\" \/><\/a> <a href=\"http:\/\/www.josemarg.com\/fotos\/displayimage.php?album=lastup&#038;cat=0&#038;pos=1\"><img decoding=\"async\" src=\"http:\/\/www.josemarg.com\/fotos\/albums\/userpics\/10001\/thumb_10062005.jpg\" alt=\"Aula de inform\u00e1tica de la Confederaci\u00f3n de Empresarios de Galicia\" \/><\/a><\/center><\/p>\n<p>No s\u00f3lo ocupa mi tiempo el dar las clases, sino el prepararlas y gestionar toda la documentaci\u00f3n relativa a los cursos (tarea m\u00e1s tediosa y absorbente en Forem Galicia, que impartir las clases).<\/p>\n<p>De todas formas aunque ahora est\u00e9 un poco m\u00e1s agobiadillo, me consuelo pensando que tendr\u00e9 unas peque\u00f1as vacaciones playeras a mediados de Julio para cargar las pilas y seguir currando en Agosto.<\/p>\n","protected":false},"excerpt":{"rendered":"<p>En las \u00faltimas semanas escribo menos en la bit\u00e1cora porque estoy trabajando en unos cuantos cursos y el tiempo no me da para mucho. Esta semana he estado dando clase en 4 cursos distintos: dos en Forem Galicia y dos &hellip; <a href=\"https:\/\/josemarg.com\/wp\/?p=207\">Sigue leyendo <span class=\"meta-nav\">&rarr;<\/span><\/a><\/p>\n","protected":false},"author":2,"featured_media":0,"comment_status":"open","ping_status":"open","sticky":false,"template":"","format":"standard","meta":{"_ayudawp_aiss_exclude":false,"footnotes":""},"categories":[1],"tags":[403],"class_list":["post-207","post","type-post","status-publish","format-standard","hentry","category-personal","tag-personal"],"_links":{"self":[{"href":"https:\/\/josemarg.com\/wp\/index.php?rest_route=\/wp\/v2\/posts\/207","targetHints":{"allow":["GET"]}}],"collection":[{"href":"https:\/\/josemarg.com\/wp\/index.php?rest_route=\/wp\/v2\/posts"}],"about":[{"href":"https:\/\/josemarg.com\/wp\/index.php?rest_route=\/wp\/v2\/types\/post"}],"author":[{"embeddable":true,"href":"https:\/\/josemarg.com\/wp\/index.php?rest_route=\/wp\/v2\/users\/2"}],"replies":[{"embeddable":true,"href":"https:\/\/josemarg.com\/wp\/index.php?rest_route=%2Fwp%2Fv2%2Fcomments&post=207"}],"version-history":[{"count":0,"href":"https:\/\/josemarg.com\/wp\/index.php?rest_route=\/wp\/v2\/posts\/207\/revisions"}],"wp:attachment":[{"href":"https:\/\/josemarg.com\/wp\/index.php?rest_route=%2Fwp%2Fv2%2Fmedia&parent=207"}],"wp:term":[{"taxonomy":"category","embeddable":true,"href":"https:\/\/josemarg.com\/wp\/index.php?rest_route=%2Fwp%2Fv2%2Fcategories&post=207"},{"taxonomy":"post_tag","embeddable":true,"href":"https:\/\/josemarg.com\/wp\/index.php?rest_route=%2Fwp%2Fv2%2Ftags&post=207"}],"curies":[{"name":"wp","href":"https:\/\/api.w.org\/{rel}","templated":true}]}}