

{"id":22,"date":"2004-02-23T00:27:07","date_gmt":"2004-02-22T23:27:07","guid":{"rendered":"http:\/\/josemarg.com\/wp\/?p=22"},"modified":"2008-06-22T18:25:51","modified_gmt":"2008-06-22T16:25:51","slug":"bin-laden-podria-estar-cercado-en-pakistan-segun-el-sunday-express","status":"publish","type":"post","link":"https:\/\/josemarg.com\/wp\/?p=22","title":{"rendered":"Bin Laden podr\u00eda estar cercado en Pakist\u00e1n, seg\u00fan el &#8216;Sunday Express&#8217;"},"content":{"rendered":"<p>El l\u00edder de la red terrorista Al Qaeda, Osama bin Laden, est\u00e1 cercado en el noroeste de Pakist\u00e1n por unidades especiales brit\u00e1nicas y estadounidenses, seg\u00fan public\u00f3 hoy el peri\u00f3dico sensacionalista brit\u00e1nico Sunday Express.<br \/>\nEl rotativo cita como fuente a un miembro del servicio secreto estadounidense. Bin Laden se encuentra con unos 50 hombres leales en la regi\u00f3n monta\u00f1osa de Toba Kakar, junto a la frontera con Afganist\u00e1n, seg\u00fan esas informaciones.<br \/>\nDos altos miembros del Ej\u00e9rcito estadounidense aseguraron al diario que el responsable de los atentados del 11 de septiembre de 2001 contra Estados Unidos no puede escapar. No obstante, estrategas militares brit\u00e1nicos advirtieron en contra de albergar grandes esperanzas, pues se trata de una zona inaccesible.<br \/>\n\u00abHan encontrado a Bin Laden. Pueden ver todo lo que pasa en la zona. Si se pone en movimiento, lo sabremos\u00bb, cit\u00f3 el rotativo a una de sus fuentes del c\u00edrculo del Pent\u00e1gono. Sobre la zona hay un sat\u00e9lite estacionado, dijo.<br \/>\nTropas afganas iniciaron hace unos d\u00edas una ofensiva en la regi\u00f3n monta\u00f1osa. Tambi\u00e9n Pakist\u00e1n ha movilizado all\u00ed soldados.<br \/>\nDe <a href=\"http:\/\/iblnews.com\/noticias\/02\/101333.html\" target=\"_blank\">IBLNEWS<\/a>.<\/p>\n<p>Bueno, las malas lenguas dicen que del paradero de Bin Laden saben los americanos desde hace mucho, tan s\u00f3lo est\u00e1n esperando que las elecciones est\u00e9n m\u00e1s cercanas para capturarlo. Al igual que con Sadam le perdonar\u00e1n la vida a cambio del silencio. <\/p>\n","protected":false},"excerpt":{"rendered":"<p>El l\u00edder de la red terrorista Al Qaeda, Osama bin Laden, est\u00e1 cercado en el noroeste de Pakist\u00e1n por unidades especiales brit\u00e1nicas y estadounidenses, seg\u00fan public\u00f3 hoy el peri\u00f3dico sensacionalista brit\u00e1nico Sunday Express. El rotativo cita como fuente a un &hellip; <a href=\"https:\/\/josemarg.com\/wp\/?p=22\">Sigue leyendo <span class=\"meta-nav\">&rarr;<\/span><\/a><\/p>\n","protected":false},"author":2,"featured_media":0,"comment_status":"open","ping_status":"open","sticky":false,"template":"","format":"standard","meta":{"_ayudawp_aiss_exclude":false,"footnotes":""},"categories":[11],"tags":[412],"class_list":["post-22","post","type-post","status-publish","format-standard","hentry","category-planeta-prohibido","tag-planeta-prohibido"],"_links":{"self":[{"href":"https:\/\/josemarg.com\/wp\/index.php?rest_route=\/wp\/v2\/posts\/22","targetHints":{"allow":["GET"]}}],"collection":[{"href":"https:\/\/josemarg.com\/wp\/index.php?rest_route=\/wp\/v2\/posts"}],"about":[{"href":"https:\/\/josemarg.com\/wp\/index.php?rest_route=\/wp\/v2\/types\/post"}],"author":[{"embeddable":true,"href":"https:\/\/josemarg.com\/wp\/index.php?rest_route=\/wp\/v2\/users\/2"}],"replies":[{"embeddable":true,"href":"https:\/\/josemarg.com\/wp\/index.php?rest_route=%2Fwp%2Fv2%2Fcomments&post=22"}],"version-history":[{"count":0,"href":"https:\/\/josemarg.com\/wp\/index.php?rest_route=\/wp\/v2\/posts\/22\/revisions"}],"wp:attachment":[{"href":"https:\/\/josemarg.com\/wp\/index.php?rest_route=%2Fwp%2Fv2%2Fmedia&parent=22"}],"wp:term":[{"taxonomy":"category","embeddable":true,"href":"https:\/\/josemarg.com\/wp\/index.php?rest_route=%2Fwp%2Fv2%2Fcategories&post=22"},{"taxonomy":"post_tag","embeddable":true,"href":"https:\/\/josemarg.com\/wp\/index.php?rest_route=%2Fwp%2Fv2%2Ftags&post=22"}],"curies":[{"name":"wp","href":"https:\/\/api.w.org\/{rel}","templated":true}]}}