

{"id":483,"date":"2006-08-25T23:36:36","date_gmt":"2006-08-25T21:36:36","guid":{"rendered":"http:\/\/www.josemarg.com\/wp\/?p=483"},"modified":"2008-04-10T23:47:52","modified_gmt":"2008-04-10T21:47:52","slug":"el-sevilla-cf-campeon-de-la-supercopa-de-europa-2006","status":"publish","type":"post","link":"https:\/\/josemarg.com\/wp\/?p=483","title":{"rendered":"El Sevilla FC, Campe\u00f3n de la Supercopa de Europa 2006"},"content":{"rendered":"<p><img decoding=\"async\" src=\"http:\/\/perso.wanadoo.es\/josemarg\/weblog\/sevillasuper.jpg\" alt=\"Sevilla FC Campe\u00f3n Supercopa Europa\" align=\"right\" hspace=10 vspace=5 \/>Aunque el <a href=\"http:\/\/www.fcbarcelona.com\">FC Barcelona<\/a> part\u00eda como favorito en la final de la Supercopa de Europa de f\u00fatbol, ha sido el <a href=\"http:\/\/www.sevillafc.es\">Sevilla FC<\/a> el que se ha llevado merecidamente el trofeo por un resultado de 0-3.<\/p>\n<p>En ning\u00fan momento el Bar\u00e7a ha sabido jugarle a un Sevilla muy bien posicionado en el campo y con unos jugadores muy mentalizados en defensa, y jugando a un mortal contraataque.<\/p>\n<p>El Sevilla ha sabido golpear al Bar\u00e7a donde m\u00e1s le duele, y aunque el dominio de la pelota ha sido mayoritariamente del equipo azulgrana, s\u00f3lo ha dispuesto de unas pocas ocasiones claras de gol, que sus delanteros, empe\u00f1ados en entrar por el centro y en torpes jugadas personales, no han sabido culminar.<\/p>\n<p>Personalmente, creo que Frank Rijkaard se ha equivocado en el planteamiento del partido. Ha querido dar continuidad a los jugadores que lograron ganar la Champions League (cosa que no ha hecho Juande Ramos sentando a Maresca y Mart\u00ed), y ha sacado una endeble defensa con Sylvinho y Belleti en los laterales, siempre desbordados por los delanteros sevillistas, y un Motta cuya \u00fanica labor en el campo es hacer faltas. Tard\u00f3 en exceso en hacer los cambios, y luego no supo hacerlos bien, al sacar excesivos delanteros que se anulaban y produc\u00edan un embotellamiento en la zona defensiva del Sevilla.<\/p>\n<p>Un t\u00edtulo de los muchos que este a\u00f1o disputa el Bar\u00e7a que ha volado, y que ha ido a las vitrinas del equipo andaluz por primera vez en su historia.<br \/>\nMis felicitaciones a todos los sevillistas por el trofeo y por el equipazo que tienen.<\/p>\n","protected":false},"excerpt":{"rendered":"<p>Aunque el FC Barcelona part\u00eda como favorito en la final de la Supercopa de Europa de f\u00fatbol, ha sido el Sevilla FC el que se ha llevado merecidamente el trofeo por un resultado de 0-3. En ning\u00fan momento el Bar\u00e7a &hellip; <a href=\"https:\/\/josemarg.com\/wp\/?p=483\">Sigue leyendo <span class=\"meta-nav\">&rarr;<\/span><\/a><\/p>\n","protected":false},"author":2,"featured_media":0,"comment_status":"open","ping_status":"open","sticky":false,"template":"","format":"standard","meta":{"_ayudawp_aiss_exclude":false,"footnotes":""},"categories":[4],"tags":[406],"class_list":["post-483","post","type-post","status-publish","format-standard","hentry","category-deportes","tag-deportes"],"_links":{"self":[{"href":"https:\/\/josemarg.com\/wp\/index.php?rest_route=\/wp\/v2\/posts\/483","targetHints":{"allow":["GET"]}}],"collection":[{"href":"https:\/\/josemarg.com\/wp\/index.php?rest_route=\/wp\/v2\/posts"}],"about":[{"href":"https:\/\/josemarg.com\/wp\/index.php?rest_route=\/wp\/v2\/types\/post"}],"author":[{"embeddable":true,"href":"https:\/\/josemarg.com\/wp\/index.php?rest_route=\/wp\/v2\/users\/2"}],"replies":[{"embeddable":true,"href":"https:\/\/josemarg.com\/wp\/index.php?rest_route=%2Fwp%2Fv2%2Fcomments&post=483"}],"version-history":[{"count":0,"href":"https:\/\/josemarg.com\/wp\/index.php?rest_route=\/wp\/v2\/posts\/483\/revisions"}],"wp:attachment":[{"href":"https:\/\/josemarg.com\/wp\/index.php?rest_route=%2Fwp%2Fv2%2Fmedia&parent=483"}],"wp:term":[{"taxonomy":"category","embeddable":true,"href":"https:\/\/josemarg.com\/wp\/index.php?rest_route=%2Fwp%2Fv2%2Fcategories&post=483"},{"taxonomy":"post_tag","embeddable":true,"href":"https:\/\/josemarg.com\/wp\/index.php?rest_route=%2Fwp%2Fv2%2Ftags&post=483"}],"curies":[{"name":"wp","href":"https:\/\/api.w.org\/{rel}","templated":true}]}}